{"id":453,"date":"2019-02-07T15:57:33","date_gmt":"2019-02-07T14:57:33","guid":{"rendered":"https:\/\/comonaute.ch\/www\/vevey?p=453"},"modified":"2022-09-02T13:25:42","modified_gmt":"2022-09-02T11:25:42","slug":"elegie-pour-un-phare","status":"publish","type":"post","link":"https:\/\/louisevaaucinema.ch\/de\/elegie-pour-un-phare\/","title":{"rendered":"Elegie f\u00fcr einen Leuchtturm"},"content":{"rendered":"<p>Kurz nach dem Tod ihres Vaters entdeckt die Protagonistin in einer Zeitschrift einen merkw\u00fcrdigen Artikel: ein Leuchtturm an der Nordk\u00fcste Russlands wird bald f\u00fcr immer stillgelegt werden! Pl\u00f6tzlich hat sie das Bed\u00fcrfnis, diesen Ort aufzusuchen. Aber wird sie auch dieses Mal zu sp\u00e4t kommen, genauso wie beim Tod ihres Vaters? Was zieht sie zu diesem Ort? Wird sie dort den so ben\u00f6tigten Trost finden?<\/p>\n<p>Sie strandet in Shoyna, einem ehemals bedeutenden Fischerhafen, der langsam im Rhythmus der H\u00e4user, die vom Sand versch\u00fcttet werden, verl\u00f6scht. Hier, nahe dem Polarkreis, wird ihre Trauer einen anderen Sinn annehmen. An diesem merkw\u00fcrdigen Ort, an dem Fischkutter-Wracks und menschliche Knochen auf den D\u00fcnen verstreut liegen, wird sich ihr Leid in eine intensive Wissbegierde verwandeln. In Shoyna geht der Tod Hand in Hand mit dem Leben. Ihr Leben\u2026<\/p>\n<p>Bei einem Spaziergang in der N\u00e4he des erloschenen Leuchtturms leben die Erinnerungen an ihren Vater wieder auf, der sie als Kind an die Atlantikk\u00fcste mitnahm. Es gab da ein Foto von ihr, eine nachdenkliche F\u00fcnfj\u00e4hrige, die auf den Stufen einer Wendeltreppe eines bretonischen Leuchtturms sass. Ein Leuchtturm? Ist es m\u00f6glich, dass dieses so weit in der Vergangenheit liegende Bild der Grund war, warum sie Filmregisseurin wurde? In ihrer mysteri\u00f6sen Suche nach einem Trauerort, macht ihr Werdegang pl\u00f6tzlich Sinn.<\/p>\n","protected":false},"excerpt":{"rendered":"<p>Kurz nach dem Tod ihres Vaters entdeckt die Protagonistin in einer Zeitschrift einen merkw\u00fcrdigen Artikel: ein Leuchtturm an der Nordk\u00fcste Russlands wird bald f\u00fcr immer stillgelegt werden! Pl\u00f6tzlich hat sie das Bed\u00fcrfnis, diesen Ort aufzusuchen. Aber wird sie auch dieses Mal zu sp\u00e4t kommen, genauso wie beim Tod ihres Vaters? Was zieht sie zu diesem [&hellip;]<\/p>\n","protected":false},"author":1,"featured_media":445,"comment_status":"closed","ping_status":"closed","sticky":false,"template":"","format":"standard","meta":{"_acf_changed":false,"footnotes":""},"categories":[19],"tags":[],"class_list":["post-453","post","type-post","status-publish","format-standard","has-post-thumbnail","hentry","category-katalog"],"acf":[],"yoast_head":"<!-- This site is optimized with the Yoast SEO plugin v27.4 - https:\/\/yoast.com\/product\/yoast-seo-wordpress\/ -->\n<title>Elegie f\u00fcr einen Leuchtturm - Louise va au cin\u00e9ma<\/title>\n<meta name=\"robots\" content=\"index, follow, max-snippet:-1, max-image-preview:large, max-video-preview:-1\" \/>\n<link rel=\"canonical\" href=\"https:\/\/louisevaaucinema.ch\/de\/elegie-pour-un-phare\/\" \/>\n<meta property=\"og:locale\" content=\"de_DE\" \/>\n<meta property=\"og:type\" content=\"article\" \/>\n<meta property=\"og:title\" content=\"Elegie f\u00fcr einen Leuchtturm - Louise va au cin\u00e9ma\" \/>\n<meta property=\"og:description\" content=\"Kurz nach dem Tod ihres Vaters entdeckt die Protagonistin in einer Zeitschrift einen merkw\u00fcrdigen Artikel: ein Leuchtturm an der Nordk\u00fcste Russlands wird bald f\u00fcr immer stillgelegt werden! Pl\u00f6tzlich hat sie das Bed\u00fcrfnis, diesen Ort aufzusuchen. Aber wird sie auch dieses Mal zu sp\u00e4t kommen, genauso wie beim Tod ihres Vaters? Was zieht sie zu diesem [&hellip;]\" \/>\n<meta property=\"og:url\" content=\"https:\/\/louisevaaucinema.ch\/de\/elegie-pour-un-phare\/\" \/>\n<meta property=\"og:site_name\" content=\"Louise va au cin\u00e9ma\" \/>\n<meta property=\"article:publisher\" content=\"https:\/\/www.facebook.com\/louisevaaucinema\" \/>\n<meta property=\"article:published_time\" content=\"2019-02-07T14:57:33+00:00\" \/>\n<meta property=\"article:modified_time\" content=\"2022-09-02T11:25:42+00:00\" \/>\n<meta property=\"og:image\" content=\"https:\/\/louisevaaucinema.ch\/wp-content\/uploads\/2022\/09\/elegie_pour_un_phare_affiche.png\" \/>\n\t<meta property=\"og:image:width\" content=\"500\" \/>\n\t<meta property=\"og:image:height\" content=\"705\" \/>\n\t<meta property=\"og:image:type\" content=\"image\/png\" \/>\n<meta name=\"author\" content=\"Samuel\" \/>\n<meta name=\"twitter:card\" content=\"summary_large_image\" \/>\n<meta name=\"twitter:label1\" content=\"Verfasst von\" \/>\n\t<meta name=\"twitter:data1\" content=\"Samuel\" \/>\n\t<meta name=\"twitter:label2\" content=\"Gesch\u00e4tzte Lesezeit\" \/>\n\t<meta name=\"twitter:data2\" content=\"1\u00a0Minute\" \/>\n<script type=\"application\/ld+json\" class=\"yoast-schema-graph\">{\"@context\":\"https:\\\/\\\/schema.org\",\"@graph\":[{\"@type\":\"Article\",\"@id\":\"https:\\\/\\\/louisevaaucinema.ch\\\/de\\\/elegie-pour-un-phare\\\/#article\",\"isPartOf\":{\"@id\":\"https:\\\/\\\/louisevaaucinema.ch\\\/de\\\/elegie-pour-un-phare\\\/\"},\"author\":{\"name\":\"Samuel\",\"@id\":\"https:\\\/\\\/louisevaaucinema.ch\\\/#\\\/schema\\\/person\\\/89c900518e5ecead117ff3f6e755a6c5\"},\"headline\":\"Elegie f\u00fcr einen Leuchtturm\",\"datePublished\":\"2019-02-07T14:57:33+00:00\",\"dateModified\":\"2022-09-02T11:25:42+00:00\",\"mainEntityOfPage\":{\"@id\":\"https:\\\/\\\/louisevaaucinema.ch\\\/de\\\/elegie-pour-un-phare\\\/\"},\"wordCount\":234,\"publisher\":{\"@id\":\"https:\\\/\\\/louisevaaucinema.ch\\\/#organization\"},\"image\":{\"@id\":\"https:\\\/\\\/louisevaaucinema.ch\\\/de\\\/elegie-pour-un-phare\\\/#primaryimage\"},\"thumbnailUrl\":\"https:\\\/\\\/louisevaaucinema.ch\\\/wp-content\\\/uploads\\\/2022\\\/09\\\/elegie_pour_un_phare_affiche.png\",\"articleSection\":[\"Katalog\"],\"inLanguage\":\"de\"},{\"@type\":\"WebPage\",\"@id\":\"https:\\\/\\\/louisevaaucinema.ch\\\/de\\\/elegie-pour-un-phare\\\/\",\"url\":\"https:\\\/\\\/louisevaaucinema.ch\\\/de\\\/elegie-pour-un-phare\\\/\",\"name\":\"Elegie f\u00fcr einen Leuchtturm - Louise va au cin\u00e9ma\",\"isPartOf\":{\"@id\":\"https:\\\/\\\/louisevaaucinema.ch\\\/#website\"},\"primaryImageOfPage\":{\"@id\":\"https:\\\/\\\/louisevaaucinema.ch\\\/de\\\/elegie-pour-un-phare\\\/#primaryimage\"},\"image\":{\"@id\":\"https:\\\/\\\/louisevaaucinema.ch\\\/de\\\/elegie-pour-un-phare\\\/#primaryimage\"},\"thumbnailUrl\":\"https:\\\/\\\/louisevaaucinema.ch\\\/wp-content\\\/uploads\\\/2022\\\/09\\\/elegie_pour_un_phare_affiche.png\",\"datePublished\":\"2019-02-07T14:57:33+00:00\",\"dateModified\":\"2022-09-02T11:25:42+00:00\",\"breadcrumb\":{\"@id\":\"https:\\\/\\\/louisevaaucinema.ch\\\/de\\\/elegie-pour-un-phare\\\/#breadcrumb\"},\"inLanguage\":\"de\",\"potentialAction\":[{\"@type\":\"ReadAction\",\"target\":[\"https:\\\/\\\/louisevaaucinema.ch\\\/de\\\/elegie-pour-un-phare\\\/\"]}]},{\"@type\":\"ImageObject\",\"inLanguage\":\"de\",\"@id\":\"https:\\\/\\\/louisevaaucinema.ch\\\/de\\\/elegie-pour-un-phare\\\/#primaryimage\",\"url\":\"https:\\\/\\\/louisevaaucinema.ch\\\/wp-content\\\/uploads\\\/2022\\\/09\\\/elegie_pour_un_phare_affiche.png\",\"contentUrl\":\"https:\\\/\\\/louisevaaucinema.ch\\\/wp-content\\\/uploads\\\/2022\\\/09\\\/elegie_pour_un_phare_affiche.png\",\"width\":500,\"height\":705},{\"@type\":\"BreadcrumbList\",\"@id\":\"https:\\\/\\\/louisevaaucinema.ch\\\/de\\\/elegie-pour-un-phare\\\/#breadcrumb\",\"itemListElement\":[{\"@type\":\"ListItem\",\"position\":1,\"name\":\"Accueil\",\"item\":\"https:\\\/\\\/louisevaaucinema.ch\\\/de\\\/\"},{\"@type\":\"ListItem\",\"position\":2,\"name\":\"Elegie f\u00fcr einen Leuchtturm\"}]},{\"@type\":\"WebSite\",\"@id\":\"https:\\\/\\\/louisevaaucinema.ch\\\/#website\",\"url\":\"https:\\\/\\\/louisevaaucinema.ch\\\/\",\"name\":\"Louise va au cin\u00e9ma\",\"description\":\"\",\"publisher\":{\"@id\":\"https:\\\/\\\/louisevaaucinema.ch\\\/#organization\"},\"potentialAction\":[{\"@type\":\"SearchAction\",\"target\":{\"@type\":\"EntryPoint\",\"urlTemplate\":\"https:\\\/\\\/louisevaaucinema.ch\\\/?s={search_term_string}\"},\"query-input\":{\"@type\":\"PropertyValueSpecification\",\"valueRequired\":true,\"valueName\":\"search_term_string\"}}],\"inLanguage\":\"de\"},{\"@type\":\"Organization\",\"@id\":\"https:\\\/\\\/louisevaaucinema.ch\\\/#organization\",\"name\":\"Louise va au cin\u00e9ma\",\"url\":\"https:\\\/\\\/louisevaaucinema.ch\\\/\",\"logo\":{\"@type\":\"ImageObject\",\"inLanguage\":\"de\",\"@id\":\"https:\\\/\\\/louisevaaucinema.ch\\\/#\\\/schema\\\/logo\\\/image\\\/\",\"url\":\"https:\\\/\\\/louisevaaucinema.ch\\\/wp-content\\\/uploads\\\/2022\\\/10\\\/louise_va_au_cinema.png\",\"contentUrl\":\"https:\\\/\\\/louisevaaucinema.ch\\\/wp-content\\\/uploads\\\/2022\\\/10\\\/louise_va_au_cinema.png\",\"width\":200,\"height\":191,\"caption\":\"Louise va au cin\u00e9ma\"},\"image\":{\"@id\":\"https:\\\/\\\/louisevaaucinema.ch\\\/#\\\/schema\\\/logo\\\/image\\\/\"},\"sameAs\":[\"https:\\\/\\\/www.facebook.com\\\/louisevaaucinema\",\"https:\\\/\\\/www.instagram.com\\\/louise_va_au_cinema\\\/\",\"https:\\\/\\\/www.youtube.com\\\/channel\\\/UCrhgn2pvV1uzduPdIYsTQ-A\"]},{\"@type\":\"Person\",\"@id\":\"https:\\\/\\\/louisevaaucinema.ch\\\/#\\\/schema\\\/person\\\/89c900518e5ecead117ff3f6e755a6c5\",\"name\":\"Samuel\"}]}<\/script>\n<!-- \/ Yoast SEO plugin. -->","yoast_head_json":{"title":"Elegie f\u00fcr einen Leuchtturm - Louise va au cin\u00e9ma","robots":{"index":"index","follow":"follow","max-snippet":"max-snippet:-1","max-image-preview":"max-image-preview:large","max-video-preview":"max-video-preview:-1"},"canonical":"https:\/\/louisevaaucinema.ch\/de\/elegie-pour-un-phare\/","og_locale":"de_DE","og_type":"article","og_title":"Elegie f\u00fcr einen Leuchtturm - Louise va au cin\u00e9ma","og_description":"Kurz nach dem Tod ihres Vaters entdeckt die Protagonistin in einer Zeitschrift einen merkw\u00fcrdigen Artikel: ein Leuchtturm an der Nordk\u00fcste Russlands wird bald f\u00fcr immer stillgelegt werden! Pl\u00f6tzlich hat sie das Bed\u00fcrfnis, diesen Ort aufzusuchen. Aber wird sie auch dieses Mal zu sp\u00e4t kommen, genauso wie beim Tod ihres Vaters? Was zieht sie zu diesem [&hellip;]","og_url":"https:\/\/louisevaaucinema.ch\/de\/elegie-pour-un-phare\/","og_site_name":"Louise va au cin\u00e9ma","article_publisher":"https:\/\/www.facebook.com\/louisevaaucinema","article_published_time":"2019-02-07T14:57:33+00:00","article_modified_time":"2022-09-02T11:25:42+00:00","og_image":[{"width":500,"height":705,"url":"https:\/\/louisevaaucinema.ch\/wp-content\/uploads\/2022\/09\/elegie_pour_un_phare_affiche.png","type":"image\/png"}],"author":"Samuel","twitter_card":"summary_large_image","twitter_misc":{"Verfasst von":"Samuel","Gesch\u00e4tzte Lesezeit":"1\u00a0Minute"},"schema":{"@context":"https:\/\/schema.org","@graph":[{"@type":"Article","@id":"https:\/\/louisevaaucinema.ch\/de\/elegie-pour-un-phare\/#article","isPartOf":{"@id":"https:\/\/louisevaaucinema.ch\/de\/elegie-pour-un-phare\/"},"author":{"name":"Samuel","@id":"https:\/\/louisevaaucinema.ch\/#\/schema\/person\/89c900518e5ecead117ff3f6e755a6c5"},"headline":"Elegie f\u00fcr einen Leuchtturm","datePublished":"2019-02-07T14:57:33+00:00","dateModified":"2022-09-02T11:25:42+00:00","mainEntityOfPage":{"@id":"https:\/\/louisevaaucinema.ch\/de\/elegie-pour-un-phare\/"},"wordCount":234,"publisher":{"@id":"https:\/\/louisevaaucinema.ch\/#organization"},"image":{"@id":"https:\/\/louisevaaucinema.ch\/de\/elegie-pour-un-phare\/#primaryimage"},"thumbnailUrl":"https:\/\/louisevaaucinema.ch\/wp-content\/uploads\/2022\/09\/elegie_pour_un_phare_affiche.png","articleSection":["Katalog"],"inLanguage":"de"},{"@type":"WebPage","@id":"https:\/\/louisevaaucinema.ch\/de\/elegie-pour-un-phare\/","url":"https:\/\/louisevaaucinema.ch\/de\/elegie-pour-un-phare\/","name":"Elegie f\u00fcr einen Leuchtturm - Louise va au cin\u00e9ma","isPartOf":{"@id":"https:\/\/louisevaaucinema.ch\/#website"},"primaryImageOfPage":{"@id":"https:\/\/louisevaaucinema.ch\/de\/elegie-pour-un-phare\/#primaryimage"},"image":{"@id":"https:\/\/louisevaaucinema.ch\/de\/elegie-pour-un-phare\/#primaryimage"},"thumbnailUrl":"https:\/\/louisevaaucinema.ch\/wp-content\/uploads\/2022\/09\/elegie_pour_un_phare_affiche.png","datePublished":"2019-02-07T14:57:33+00:00","dateModified":"2022-09-02T11:25:42+00:00","breadcrumb":{"@id":"https:\/\/louisevaaucinema.ch\/de\/elegie-pour-un-phare\/#breadcrumb"},"inLanguage":"de","potentialAction":[{"@type":"ReadAction","target":["https:\/\/louisevaaucinema.ch\/de\/elegie-pour-un-phare\/"]}]},{"@type":"ImageObject","inLanguage":"de","@id":"https:\/\/louisevaaucinema.ch\/de\/elegie-pour-un-phare\/#primaryimage","url":"https:\/\/louisevaaucinema.ch\/wp-content\/uploads\/2022\/09\/elegie_pour_un_phare_affiche.png","contentUrl":"https:\/\/louisevaaucinema.ch\/wp-content\/uploads\/2022\/09\/elegie_pour_un_phare_affiche.png","width":500,"height":705},{"@type":"BreadcrumbList","@id":"https:\/\/louisevaaucinema.ch\/de\/elegie-pour-un-phare\/#breadcrumb","itemListElement":[{"@type":"ListItem","position":1,"name":"Accueil","item":"https:\/\/louisevaaucinema.ch\/de\/"},{"@type":"ListItem","position":2,"name":"Elegie f\u00fcr einen Leuchtturm"}]},{"@type":"WebSite","@id":"https:\/\/louisevaaucinema.ch\/#website","url":"https:\/\/louisevaaucinema.ch\/","name":"Louise va au cin\u00e9ma","description":"","publisher":{"@id":"https:\/\/louisevaaucinema.ch\/#organization"},"potentialAction":[{"@type":"SearchAction","target":{"@type":"EntryPoint","urlTemplate":"https:\/\/louisevaaucinema.ch\/?s={search_term_string}"},"query-input":{"@type":"PropertyValueSpecification","valueRequired":true,"valueName":"search_term_string"}}],"inLanguage":"de"},{"@type":"Organization","@id":"https:\/\/louisevaaucinema.ch\/#organization","name":"Louise va au cin\u00e9ma","url":"https:\/\/louisevaaucinema.ch\/","logo":{"@type":"ImageObject","inLanguage":"de","@id":"https:\/\/louisevaaucinema.ch\/#\/schema\/logo\/image\/","url":"https:\/\/louisevaaucinema.ch\/wp-content\/uploads\/2022\/10\/louise_va_au_cinema.png","contentUrl":"https:\/\/louisevaaucinema.ch\/wp-content\/uploads\/2022\/10\/louise_va_au_cinema.png","width":200,"height":191,"caption":"Louise va au cin\u00e9ma"},"image":{"@id":"https:\/\/louisevaaucinema.ch\/#\/schema\/logo\/image\/"},"sameAs":["https:\/\/www.facebook.com\/louisevaaucinema","https:\/\/www.instagram.com\/louise_va_au_cinema\/","https:\/\/www.youtube.com\/channel\/UCrhgn2pvV1uzduPdIYsTQ-A"]},{"@type":"Person","@id":"https:\/\/louisevaaucinema.ch\/#\/schema\/person\/89c900518e5ecead117ff3f6e755a6c5","name":"Samuel"}]}},"_links":{"self":[{"href":"https:\/\/louisevaaucinema.ch\/de\/wp-json\/wp\/v2\/posts\/453","targetHints":{"allow":["GET"]}}],"collection":[{"href":"https:\/\/louisevaaucinema.ch\/de\/wp-json\/wp\/v2\/posts"}],"about":[{"href":"https:\/\/louisevaaucinema.ch\/de\/wp-json\/wp\/v2\/types\/post"}],"author":[{"embeddable":true,"href":"https:\/\/louisevaaucinema.ch\/de\/wp-json\/wp\/v2\/users\/1"}],"replies":[{"embeddable":true,"href":"https:\/\/louisevaaucinema.ch\/de\/wp-json\/wp\/v2\/comments?post=453"}],"version-history":[{"count":0,"href":"https:\/\/louisevaaucinema.ch\/de\/wp-json\/wp\/v2\/posts\/453\/revisions"}],"wp:featuredmedia":[{"embeddable":true,"href":"https:\/\/louisevaaucinema.ch\/de\/wp-json\/wp\/v2\/media\/445"}],"wp:attachment":[{"href":"https:\/\/louisevaaucinema.ch\/de\/wp-json\/wp\/v2\/media?parent=453"}],"wp:term":[{"taxonomy":"category","embeddable":true,"href":"https:\/\/louisevaaucinema.ch\/de\/wp-json\/wp\/v2\/categories?post=453"},{"taxonomy":"post_tag","embeddable":true,"href":"https:\/\/louisevaaucinema.ch\/de\/wp-json\/wp\/v2\/tags?post=453"}],"curies":[{"name":"wp","href":"https:\/\/api.w.org\/{rel}","templated":true}]}}