{"id":336,"date":"2019-07-02T12:44:59","date_gmt":"2019-07-02T10:44:59","guid":{"rendered":"https:\/\/comonaute.ch\/www\/vevey?p=336"},"modified":"2024-02-26T10:22:40","modified_gmt":"2024-02-26T09:22:40","slug":"le-cercle-des-petits-philosophes","status":"publish","type":"post","link":"https:\/\/louisevaaucinema.ch\/de\/le-cercle-des-petits-philosophes\/","title":{"rendered":"Der Club der kleinen Philosophen"},"content":{"rendered":"<p>Was ist der Sinn des Lebens? Warum leben wir? Was ist nach dem Tod? Was ist Liebe?<\/p>\n<p>Diese Fragen hat der Philosoph und Erfolgsautor Fr\u00e9d\u00e9ric Lenoir Kindern von 7 bis 10 Jahren im Rahmen von Philosophie-Workshops gestellt, die er w\u00e4hrend eines Schuljahrs in zwei Grundschulen durchf\u00fchrte. Mit ihm teilen wir die Gedanken dieser Kinder, die sich mit der Komplexit\u00e4t der Welt und der Gewalt ihrer Emotionen auseinandersetzen.<br \/>\nUnd wir staunen \u00fcber die F\u00e4higkeit der Kinder, sich dieser existenziellen Fragen zu bem\u00e4chtigen, zu argumentieren, zu debattieren\u2026 und kleine Philosophen zu werden!<\/p>\n<h5>Im Rahmen des Filmzyklus Cinedolcevita !<\/h5>\n<p>BERN <a href=\"https:\/\/cinedolcevita.ch\/events\/le-cercle-des-petits-philosophes\/\">Cin\u00e9ABC<\/a><br \/>\nMo, 12.03 14:15<\/p>\n","protected":false},"excerpt":{"rendered":"<p>Was ist der Sinn des Lebens? Warum leben wir? Was ist nach dem Tod? Was ist Liebe? Diese Fragen hat der Philosoph und Erfolgsautor Fr\u00e9d\u00e9ric Lenoir Kindern von 7 bis 10 Jahren im Rahmen von Philosophie-Workshops gestellt, die er w\u00e4hrend eines Schuljahrs in zwei Grundschulen durchf\u00fchrte. Mit ihm teilen wir die Gedanken dieser Kinder, die [&hellip;]<\/p>\n","protected":false},"author":1,"featured_media":310,"comment_status":"closed","ping_status":"closed","sticky":false,"template":"","format":"standard","meta":{"_acf_changed":false,"footnotes":""},"categories":[19],"tags":[],"class_list":["post-336","post","type-post","status-publish","format-standard","has-post-thumbnail","hentry","category-katalog"],"acf":[],"yoast_head":"<!-- This site is optimized with the Yoast SEO plugin v27.4 - https:\/\/yoast.com\/product\/yoast-seo-wordpress\/ -->\n<title>Der Club der kleinen Philosophen - Louise va au cin\u00e9ma<\/title>\n<meta name=\"robots\" content=\"index, follow, max-snippet:-1, max-image-preview:large, max-video-preview:-1\" \/>\n<link rel=\"canonical\" href=\"https:\/\/louisevaaucinema.ch\/de\/le-cercle-des-petits-philosophes\/\" \/>\n<meta property=\"og:locale\" content=\"de_DE\" \/>\n<meta property=\"og:type\" content=\"article\" \/>\n<meta property=\"og:title\" content=\"Der Club der kleinen Philosophen - Louise va au cin\u00e9ma\" \/>\n<meta property=\"og:description\" content=\"Was ist der Sinn des Lebens? Warum leben wir? Was ist nach dem Tod? Was ist Liebe? Diese Fragen hat der Philosoph und Erfolgsautor Fr\u00e9d\u00e9ric Lenoir Kindern von 7 bis 10 Jahren im Rahmen von Philosophie-Workshops gestellt, die er w\u00e4hrend eines Schuljahrs in zwei Grundschulen durchf\u00fchrte. Mit ihm teilen wir die Gedanken dieser Kinder, die [&hellip;]\" \/>\n<meta property=\"og:url\" content=\"https:\/\/louisevaaucinema.ch\/de\/le-cercle-des-petits-philosophes\/\" \/>\n<meta property=\"og:site_name\" content=\"Louise va au cin\u00e9ma\" \/>\n<meta property=\"article:publisher\" content=\"https:\/\/www.facebook.com\/louisevaaucinema\" \/>\n<meta property=\"article:published_time\" content=\"2019-07-02T10:44:59+00:00\" \/>\n<meta property=\"article:modified_time\" content=\"2024-02-26T09:22:40+00:00\" \/>\n<meta property=\"og:image\" content=\"https:\/\/louisevaaucinema.ch\/wp-content\/uploads\/2022\/09\/cercle_petits_philosophes_affiche-scaled.jpg\" \/>\n\t<meta property=\"og:image:width\" content=\"1810\" \/>\n\t<meta property=\"og:image:height\" content=\"2560\" \/>\n\t<meta property=\"og:image:type\" content=\"image\/jpeg\" \/>\n<meta name=\"author\" content=\"Samuel\" \/>\n<meta name=\"twitter:card\" content=\"summary_large_image\" \/>\n<meta name=\"twitter:label1\" content=\"Verfasst von\" \/>\n\t<meta name=\"twitter:data1\" content=\"Samuel\" \/>\n\t<meta name=\"twitter:label2\" content=\"Gesch\u00e4tzte Lesezeit\" \/>\n\t<meta name=\"twitter:data2\" content=\"1\u00a0Minute\" \/>\n<script type=\"application\/ld+json\" class=\"yoast-schema-graph\">{\"@context\":\"https:\\\/\\\/schema.org\",\"@graph\":[{\"@type\":\"Article\",\"@id\":\"https:\\\/\\\/louisevaaucinema.ch\\\/de\\\/le-cercle-des-petits-philosophes\\\/#article\",\"isPartOf\":{\"@id\":\"https:\\\/\\\/louisevaaucinema.ch\\\/de\\\/le-cercle-des-petits-philosophes\\\/\"},\"author\":{\"name\":\"Samuel\",\"@id\":\"https:\\\/\\\/louisevaaucinema.ch\\\/#\\\/schema\\\/person\\\/89c900518e5ecead117ff3f6e755a6c5\"},\"headline\":\"Der Club der kleinen Philosophen\",\"datePublished\":\"2019-07-02T10:44:59+00:00\",\"dateModified\":\"2024-02-26T09:22:40+00:00\",\"mainEntityOfPage\":{\"@id\":\"https:\\\/\\\/louisevaaucinema.ch\\\/de\\\/le-cercle-des-petits-philosophes\\\/\"},\"wordCount\":109,\"publisher\":{\"@id\":\"https:\\\/\\\/louisevaaucinema.ch\\\/#organization\"},\"image\":{\"@id\":\"https:\\\/\\\/louisevaaucinema.ch\\\/de\\\/le-cercle-des-petits-philosophes\\\/#primaryimage\"},\"thumbnailUrl\":\"https:\\\/\\\/louisevaaucinema.ch\\\/wp-content\\\/uploads\\\/2022\\\/09\\\/cercle_petits_philosophes_affiche-scaled.jpg\",\"articleSection\":[\"Katalog\"],\"inLanguage\":\"de\"},{\"@type\":\"WebPage\",\"@id\":\"https:\\\/\\\/louisevaaucinema.ch\\\/de\\\/le-cercle-des-petits-philosophes\\\/\",\"url\":\"https:\\\/\\\/louisevaaucinema.ch\\\/de\\\/le-cercle-des-petits-philosophes\\\/\",\"name\":\"Der Club der kleinen Philosophen - Louise va au cin\u00e9ma\",\"isPartOf\":{\"@id\":\"https:\\\/\\\/louisevaaucinema.ch\\\/#website\"},\"primaryImageOfPage\":{\"@id\":\"https:\\\/\\\/louisevaaucinema.ch\\\/de\\\/le-cercle-des-petits-philosophes\\\/#primaryimage\"},\"image\":{\"@id\":\"https:\\\/\\\/louisevaaucinema.ch\\\/de\\\/le-cercle-des-petits-philosophes\\\/#primaryimage\"},\"thumbnailUrl\":\"https:\\\/\\\/louisevaaucinema.ch\\\/wp-content\\\/uploads\\\/2022\\\/09\\\/cercle_petits_philosophes_affiche-scaled.jpg\",\"datePublished\":\"2019-07-02T10:44:59+00:00\",\"dateModified\":\"2024-02-26T09:22:40+00:00\",\"breadcrumb\":{\"@id\":\"https:\\\/\\\/louisevaaucinema.ch\\\/de\\\/le-cercle-des-petits-philosophes\\\/#breadcrumb\"},\"inLanguage\":\"de\",\"potentialAction\":[{\"@type\":\"ReadAction\",\"target\":[\"https:\\\/\\\/louisevaaucinema.ch\\\/de\\\/le-cercle-des-petits-philosophes\\\/\"]}]},{\"@type\":\"ImageObject\",\"inLanguage\":\"de\",\"@id\":\"https:\\\/\\\/louisevaaucinema.ch\\\/de\\\/le-cercle-des-petits-philosophes\\\/#primaryimage\",\"url\":\"https:\\\/\\\/louisevaaucinema.ch\\\/wp-content\\\/uploads\\\/2022\\\/09\\\/cercle_petits_philosophes_affiche-scaled.jpg\",\"contentUrl\":\"https:\\\/\\\/louisevaaucinema.ch\\\/wp-content\\\/uploads\\\/2022\\\/09\\\/cercle_petits_philosophes_affiche-scaled.jpg\",\"width\":1810,\"height\":2560},{\"@type\":\"BreadcrumbList\",\"@id\":\"https:\\\/\\\/louisevaaucinema.ch\\\/de\\\/le-cercle-des-petits-philosophes\\\/#breadcrumb\",\"itemListElement\":[{\"@type\":\"ListItem\",\"position\":1,\"name\":\"Accueil\",\"item\":\"https:\\\/\\\/louisevaaucinema.ch\\\/de\\\/\"},{\"@type\":\"ListItem\",\"position\":2,\"name\":\"Der Club der kleinen Philosophen\"}]},{\"@type\":\"WebSite\",\"@id\":\"https:\\\/\\\/louisevaaucinema.ch\\\/#website\",\"url\":\"https:\\\/\\\/louisevaaucinema.ch\\\/\",\"name\":\"Louise va au cin\u00e9ma\",\"description\":\"\",\"publisher\":{\"@id\":\"https:\\\/\\\/louisevaaucinema.ch\\\/#organization\"},\"potentialAction\":[{\"@type\":\"SearchAction\",\"target\":{\"@type\":\"EntryPoint\",\"urlTemplate\":\"https:\\\/\\\/louisevaaucinema.ch\\\/?s={search_term_string}\"},\"query-input\":{\"@type\":\"PropertyValueSpecification\",\"valueRequired\":true,\"valueName\":\"search_term_string\"}}],\"inLanguage\":\"de\"},{\"@type\":\"Organization\",\"@id\":\"https:\\\/\\\/louisevaaucinema.ch\\\/#organization\",\"name\":\"Louise va au cin\u00e9ma\",\"url\":\"https:\\\/\\\/louisevaaucinema.ch\\\/\",\"logo\":{\"@type\":\"ImageObject\",\"inLanguage\":\"de\",\"@id\":\"https:\\\/\\\/louisevaaucinema.ch\\\/#\\\/schema\\\/logo\\\/image\\\/\",\"url\":\"https:\\\/\\\/louisevaaucinema.ch\\\/wp-content\\\/uploads\\\/2022\\\/10\\\/louise_va_au_cinema.png\",\"contentUrl\":\"https:\\\/\\\/louisevaaucinema.ch\\\/wp-content\\\/uploads\\\/2022\\\/10\\\/louise_va_au_cinema.png\",\"width\":200,\"height\":191,\"caption\":\"Louise va au cin\u00e9ma\"},\"image\":{\"@id\":\"https:\\\/\\\/louisevaaucinema.ch\\\/#\\\/schema\\\/logo\\\/image\\\/\"},\"sameAs\":[\"https:\\\/\\\/www.facebook.com\\\/louisevaaucinema\",\"https:\\\/\\\/www.instagram.com\\\/louise_va_au_cinema\\\/\",\"https:\\\/\\\/www.youtube.com\\\/channel\\\/UCrhgn2pvV1uzduPdIYsTQ-A\"]},{\"@type\":\"Person\",\"@id\":\"https:\\\/\\\/louisevaaucinema.ch\\\/#\\\/schema\\\/person\\\/89c900518e5ecead117ff3f6e755a6c5\",\"name\":\"Samuel\"}]}<\/script>\n<!-- \/ Yoast SEO plugin. -->","yoast_head_json":{"title":"Der Club der kleinen Philosophen - Louise va au cin\u00e9ma","robots":{"index":"index","follow":"follow","max-snippet":"max-snippet:-1","max-image-preview":"max-image-preview:large","max-video-preview":"max-video-preview:-1"},"canonical":"https:\/\/louisevaaucinema.ch\/de\/le-cercle-des-petits-philosophes\/","og_locale":"de_DE","og_type":"article","og_title":"Der Club der kleinen Philosophen - Louise va au cin\u00e9ma","og_description":"Was ist der Sinn des Lebens? Warum leben wir? Was ist nach dem Tod? Was ist Liebe? Diese Fragen hat der Philosoph und Erfolgsautor Fr\u00e9d\u00e9ric Lenoir Kindern von 7 bis 10 Jahren im Rahmen von Philosophie-Workshops gestellt, die er w\u00e4hrend eines Schuljahrs in zwei Grundschulen durchf\u00fchrte. Mit ihm teilen wir die Gedanken dieser Kinder, die [&hellip;]","og_url":"https:\/\/louisevaaucinema.ch\/de\/le-cercle-des-petits-philosophes\/","og_site_name":"Louise va au cin\u00e9ma","article_publisher":"https:\/\/www.facebook.com\/louisevaaucinema","article_published_time":"2019-07-02T10:44:59+00:00","article_modified_time":"2024-02-26T09:22:40+00:00","og_image":[{"width":1810,"height":2560,"url":"https:\/\/louisevaaucinema.ch\/wp-content\/uploads\/2022\/09\/cercle_petits_philosophes_affiche-scaled.jpg","type":"image\/jpeg"}],"author":"Samuel","twitter_card":"summary_large_image","twitter_misc":{"Verfasst von":"Samuel","Gesch\u00e4tzte Lesezeit":"1\u00a0Minute"},"schema":{"@context":"https:\/\/schema.org","@graph":[{"@type":"Article","@id":"https:\/\/louisevaaucinema.ch\/de\/le-cercle-des-petits-philosophes\/#article","isPartOf":{"@id":"https:\/\/louisevaaucinema.ch\/de\/le-cercle-des-petits-philosophes\/"},"author":{"name":"Samuel","@id":"https:\/\/louisevaaucinema.ch\/#\/schema\/person\/89c900518e5ecead117ff3f6e755a6c5"},"headline":"Der Club der kleinen Philosophen","datePublished":"2019-07-02T10:44:59+00:00","dateModified":"2024-02-26T09:22:40+00:00","mainEntityOfPage":{"@id":"https:\/\/louisevaaucinema.ch\/de\/le-cercle-des-petits-philosophes\/"},"wordCount":109,"publisher":{"@id":"https:\/\/louisevaaucinema.ch\/#organization"},"image":{"@id":"https:\/\/louisevaaucinema.ch\/de\/le-cercle-des-petits-philosophes\/#primaryimage"},"thumbnailUrl":"https:\/\/louisevaaucinema.ch\/wp-content\/uploads\/2022\/09\/cercle_petits_philosophes_affiche-scaled.jpg","articleSection":["Katalog"],"inLanguage":"de"},{"@type":"WebPage","@id":"https:\/\/louisevaaucinema.ch\/de\/le-cercle-des-petits-philosophes\/","url":"https:\/\/louisevaaucinema.ch\/de\/le-cercle-des-petits-philosophes\/","name":"Der Club der kleinen Philosophen - Louise va au cin\u00e9ma","isPartOf":{"@id":"https:\/\/louisevaaucinema.ch\/#website"},"primaryImageOfPage":{"@id":"https:\/\/louisevaaucinema.ch\/de\/le-cercle-des-petits-philosophes\/#primaryimage"},"image":{"@id":"https:\/\/louisevaaucinema.ch\/de\/le-cercle-des-petits-philosophes\/#primaryimage"},"thumbnailUrl":"https:\/\/louisevaaucinema.ch\/wp-content\/uploads\/2022\/09\/cercle_petits_philosophes_affiche-scaled.jpg","datePublished":"2019-07-02T10:44:59+00:00","dateModified":"2024-02-26T09:22:40+00:00","breadcrumb":{"@id":"https:\/\/louisevaaucinema.ch\/de\/le-cercle-des-petits-philosophes\/#breadcrumb"},"inLanguage":"de","potentialAction":[{"@type":"ReadAction","target":["https:\/\/louisevaaucinema.ch\/de\/le-cercle-des-petits-philosophes\/"]}]},{"@type":"ImageObject","inLanguage":"de","@id":"https:\/\/louisevaaucinema.ch\/de\/le-cercle-des-petits-philosophes\/#primaryimage","url":"https:\/\/louisevaaucinema.ch\/wp-content\/uploads\/2022\/09\/cercle_petits_philosophes_affiche-scaled.jpg","contentUrl":"https:\/\/louisevaaucinema.ch\/wp-content\/uploads\/2022\/09\/cercle_petits_philosophes_affiche-scaled.jpg","width":1810,"height":2560},{"@type":"BreadcrumbList","@id":"https:\/\/louisevaaucinema.ch\/de\/le-cercle-des-petits-philosophes\/#breadcrumb","itemListElement":[{"@type":"ListItem","position":1,"name":"Accueil","item":"https:\/\/louisevaaucinema.ch\/de\/"},{"@type":"ListItem","position":2,"name":"Der Club der kleinen Philosophen"}]},{"@type":"WebSite","@id":"https:\/\/louisevaaucinema.ch\/#website","url":"https:\/\/louisevaaucinema.ch\/","name":"Louise va au cin\u00e9ma","description":"","publisher":{"@id":"https:\/\/louisevaaucinema.ch\/#organization"},"potentialAction":[{"@type":"SearchAction","target":{"@type":"EntryPoint","urlTemplate":"https:\/\/louisevaaucinema.ch\/?s={search_term_string}"},"query-input":{"@type":"PropertyValueSpecification","valueRequired":true,"valueName":"search_term_string"}}],"inLanguage":"de"},{"@type":"Organization","@id":"https:\/\/louisevaaucinema.ch\/#organization","name":"Louise va au cin\u00e9ma","url":"https:\/\/louisevaaucinema.ch\/","logo":{"@type":"ImageObject","inLanguage":"de","@id":"https:\/\/louisevaaucinema.ch\/#\/schema\/logo\/image\/","url":"https:\/\/louisevaaucinema.ch\/wp-content\/uploads\/2022\/10\/louise_va_au_cinema.png","contentUrl":"https:\/\/louisevaaucinema.ch\/wp-content\/uploads\/2022\/10\/louise_va_au_cinema.png","width":200,"height":191,"caption":"Louise va au cin\u00e9ma"},"image":{"@id":"https:\/\/louisevaaucinema.ch\/#\/schema\/logo\/image\/"},"sameAs":["https:\/\/www.facebook.com\/louisevaaucinema","https:\/\/www.instagram.com\/louise_va_au_cinema\/","https:\/\/www.youtube.com\/channel\/UCrhgn2pvV1uzduPdIYsTQ-A"]},{"@type":"Person","@id":"https:\/\/louisevaaucinema.ch\/#\/schema\/person\/89c900518e5ecead117ff3f6e755a6c5","name":"Samuel"}]}},"_links":{"self":[{"href":"https:\/\/louisevaaucinema.ch\/de\/wp-json\/wp\/v2\/posts\/336","targetHints":{"allow":["GET"]}}],"collection":[{"href":"https:\/\/louisevaaucinema.ch\/de\/wp-json\/wp\/v2\/posts"}],"about":[{"href":"https:\/\/louisevaaucinema.ch\/de\/wp-json\/wp\/v2\/types\/post"}],"author":[{"embeddable":true,"href":"https:\/\/louisevaaucinema.ch\/de\/wp-json\/wp\/v2\/users\/1"}],"replies":[{"embeddable":true,"href":"https:\/\/louisevaaucinema.ch\/de\/wp-json\/wp\/v2\/comments?post=336"}],"version-history":[{"count":0,"href":"https:\/\/louisevaaucinema.ch\/de\/wp-json\/wp\/v2\/posts\/336\/revisions"}],"wp:featuredmedia":[{"embeddable":true,"href":"https:\/\/louisevaaucinema.ch\/de\/wp-json\/wp\/v2\/media\/310"}],"wp:attachment":[{"href":"https:\/\/louisevaaucinema.ch\/de\/wp-json\/wp\/v2\/media?parent=336"}],"wp:term":[{"taxonomy":"category","embeddable":true,"href":"https:\/\/louisevaaucinema.ch\/de\/wp-json\/wp\/v2\/categories?post=336"},{"taxonomy":"post_tag","embeddable":true,"href":"https:\/\/louisevaaucinema.ch\/de\/wp-json\/wp\/v2\/tags?post=336"}],"curies":[{"name":"wp","href":"https:\/\/api.w.org\/{rel}","templated":true}]}}